{"id":4794,"__str__":"REQUERIMENTO n\u00ba 760 de 2018","metadata":{},"numero":760,"ano":2018,"numero_protocolo":2991,"data_apresentacao":"2018-04-12","tipo_apresentacao":"","data_publicacao":null,"numero_origem_externa":"","ano_origem_externa":null,"data_origem_externa":null,"apelido":"","dias_prazo":null,"data_fim_prazo":null,"em_tramitacao":false,"polemica":null,"objeto":"","complementar":null,"ementa":"Capina\u00e7\u00e3o Anel Vi\u00e1rio  em suas cal\u00e7adas, da FAVIP at\u00e9 o Viaduto.\r\nReiterando nosso Requerimento n\u00ba 1924/2017.","indexacao":"","observacao":"","resultado":"","texto_original":"http://sapl.caruaru.pe.leg.br/media/sapl/public/materialegislativa/2018/4794/re.-capina-o-an-l-viario-.-12-04-2018..pdf","data_ultima_atualizacao":"2021-02-06T08:50:01.844875-03:00","ip":"","ultima_edicao":null,"tipo":1,"regime_tramitacao":1,"tipo_origem_externa":null,"local_origem_externa":null,"user":null,"anexadas":[],"autores":[13]}