{"id":47962,"__str__":"REQUERIMENTO n\u00ba 2200 de 2026","metadata":{"signs":{"texto_original":{"admin":[],"autores":[["Vereador Anderson Correia",["2026-07-28T09:21:48-03:00",""]]]}}},"numero":2200,"ano":2026,"numero_protocolo":3518,"data_apresentacao":"2026-08-06","tipo_apresentacao":"","data_publicacao":null,"numero_origem_externa":"","ano_origem_externa":null,"data_origem_externa":null,"apelido":"","dias_prazo":null,"data_fim_prazo":null,"em_tramitacao":false,"polemica":false,"objeto":"","complementar":false,"ementa":"Requer elabora\u00e7\u00e3o de estudo t\u00e9cnico e posterior revitaliza\u00e7\u00e3o da Pra\u00e7a da Crian\u00e7a, localizada na Rua Cleto Campelo, n\u00ba 318, Bairro Nossa Senhora das Dores, no munic\u00edpio de Caruaru","indexacao":"","observacao":"","resultado":"","texto_original":"http://sapl.caruaru.pe.leg.br/media/sapl/public/materialegislativa/2026/47962/req_revitalizacao_praca_da_crianca_1.pdf","data_ultima_atualizacao":"2026-08-16T15:57:58.102078-03:00","ip":"","ultima_edicao":null,"tipo":1,"regime_tramitacao":1,"tipo_origem_externa":null,"local_origem_externa":null,"user":null,"anexadas":[],"autores":[105]}