{"id":47979,"__str__":"REQUERIMENTO n\u00ba 2213 de 2026","metadata":{"signs":{"texto_original":{"admin":[],"autores":[["Vereador Renato Lyra",["2026-08-06T10:25:58-03:00",""]]]}}},"numero":2213,"ano":2026,"numero_protocolo":3535,"data_apresentacao":"2026-08-06","tipo_apresentacao":"","data_publicacao":null,"numero_origem_externa":"","ano_origem_externa":null,"data_origem_externa":null,"apelido":"","dias_prazo":null,"data_fim_prazo":null,"em_tramitacao":false,"polemica":false,"objeto":"","complementar":false,"ementa":"Requer o servi\u00e7o de Limpeza no Terreno da Prefeitura , Poda das \u00e1rvores e Capina\u00e7\u00e3o do mato na Rua; \u00d3scar Niemeyer, ( A rua fica em frente ao condom\u00ednio Ipojuca) localizada no Bairro Vila andorinha,","indexacao":"","observacao":"","resultado":"","texto_original":"http://sapl.caruaru.pe.leg.br/media/sapl/public/materialegislativa/2026/47979/requerimento_023_de_limpeza_no_terreno_da_prefeitura_vila_andorinha_assinado.pdf","data_ultima_atualizacao":"2026-08-16T16:55:29.064708-03:00","ip":"","ultima_edicao":null,"tipo":1,"regime_tramitacao":1,"tipo_origem_externa":null,"local_origem_externa":null,"user":null,"anexadas":[],"autores":[133]}