{"id":4798,"__str__":"REQUERIMENTO n\u00ba 764 de 2018","metadata":{},"numero":764,"ano":2018,"numero_protocolo":2995,"data_apresentacao":"2018-04-12","tipo_apresentacao":"","data_publicacao":null,"numero_origem_externa":"","ano_origem_externa":null,"data_origem_externa":null,"apelido":"","dias_prazo":null,"data_fim_prazo":null,"em_tramitacao":false,"polemica":null,"objeto":"","complementar":null,"ementa":"Requer que se proceda com a realiza\u00e7\u00e3o de servi\u00e7os de limpeza e capina\u00e7\u00e3o nas Ruas e Avenidas do Bairro Dem\u00f3stenes Veras, neste munic\u00edpio.","indexacao":"","observacao":"","resultado":"","texto_original":"http://sapl.caruaru.pe.leg.br/media/sapl/public/materialegislativa/2018/4798/05.-req.-vecfcmc-limpeza-e-capina-o-dem-stenes-veras.pdf","data_ultima_atualizacao":"2021-02-06T08:50:02.982004-03:00","ip":"","ultima_edicao":null,"tipo":1,"regime_tramitacao":1,"tipo_origem_externa":null,"local_origem_externa":null,"user":null,"anexadas":[],"autores":[16]}