{"id":48052,"__str__":"REQUERIMENTO n\u00ba 2260 de 2026","metadata":{"signs":{"texto_original":{"admin":[],"autores":[["Nome do Assinante N\u00e3o Localizado.",["2026-08-11T10:40:51-03:00","C\u00e2mara Municipal de Caruaru"]]]}}},"numero":2260,"ano":2026,"numero_protocolo":3607,"data_apresentacao":"2026-08-11","tipo_apresentacao":"","data_publicacao":null,"numero_origem_externa":"","ano_origem_externa":null,"data_origem_externa":null,"apelido":"","dias_prazo":null,"data_fim_prazo":null,"em_tramitacao":false,"polemica":false,"objeto":"","complementar":false,"ementa":"Para elaborar a implementa\u00e7\u00e3o/constru\u00e7\u00e3o da denominada Pra\u00e7a dos Poetas, com infraestrutura, adapta\u00e7\u00e3o, paisagismo e qualifica\u00e7\u00e3o do espa\u00e7o p\u00fablico, localizada na Avenida Guadalajara, em torno das ruas Saldanha Marinho, Leoc\u00e2nia Maria e Avenida Vigilante Rodovi\u00e1rio, no bairro Universit\u00e1rio.","indexacao":"","observacao":"","resultado":"","texto_original":"http://sapl.caruaru.pe.leg.br/media/sapl/public/materialegislativa/2026/48052/requerimento_praca_dos_poetas_att.pdf","data_ultima_atualizacao":"2026-08-17T18:16:52.112573-03:00","ip":"","ultima_edicao":null,"tipo":1,"regime_tramitacao":1,"tipo_origem_externa":null,"local_origem_externa":null,"user":null,"anexadas":[],"autores":[106]}