{"id":48056,"__str__":"OF\u00cdCIO n\u00ba 223 de 2026","metadata":{"signs":{"texto_original":{"admin":[],"autores":[["Nome do Assinante N\u00e3o Localizado.",["2026-08-10T12:31:21-03:00","C\u00e2mara Municipal de Caruaru"]]]}}},"numero":223,"ano":2026,"numero_protocolo":3611,"data_apresentacao":"2026-08-11","tipo_apresentacao":"","data_publicacao":null,"numero_origem_externa":"","ano_origem_externa":null,"data_origem_externa":null,"apelido":"","dias_prazo":null,"data_fim_prazo":null,"em_tramitacao":true,"polemica":false,"objeto":"","complementar":false,"ementa":"Venho, por meio deste, solicitar a inclus\u00e3o na pauta da sess\u00e3o plen\u00e1ria do dia 11 de Agosto, apresenta\u00e7\u00e3o de um v\u00eddeo informativo que trata de quest\u00f5es relevantes deste munic\u00edpio","indexacao":"","observacao":"","resultado":"","texto_original":"http://sapl.caruaru.pe.leg.br/media/sapl/public/materialegislativa/2026/48056/271_oficio_-apresentacao_de_video.pdf","data_ultima_atualizacao":"2026-08-11T11:20:55.613653-03:00","ip":"","ultima_edicao":null,"tipo":17,"regime_tramitacao":1,"tipo_origem_externa":null,"local_origem_externa":null,"user":null,"anexadas":[],"autores":[126]}