{"id":48296,"__str__":"INDICA\u00c7\u00c3O n\u00ba 572 de 2026","metadata":{"signs":{"texto_original":{"admin":[],"autores":[["Vereador Mano do Som",["2026-08-25T10:45:47-03:00",""]]]}}},"numero":572,"ano":2026,"numero_protocolo":3847,"data_apresentacao":"2026-08-25","tipo_apresentacao":"","data_publicacao":null,"numero_origem_externa":"","ano_origem_externa":null,"data_origem_externa":null,"apelido":"","dias_prazo":null,"data_fim_prazo":null,"em_tramitacao":false,"polemica":false,"objeto":"","complementar":false,"ementa":"Indico \u00e0 Mesa Diretora desta Casa Legislativa, depois de ouvido o Plen\u00e1rio e cumpridas \u00e0s formalidades regimentais, seja encaminhado veemente apelo ao Exmo. Sr. Pedro Neves \u2013 Secretario da SEMOBI, Solicitando.\r\nQue seja realizado o servi\u00e7o de cal\u00e7amento/pavimenta\u00e7\u00e3o do trecho ainda n\u00e3o pavimentado da Avenida das Na\u00e7\u00f5es, no bairro Nova Caruaru, neste Munic\u00edpio.","indexacao":"","observacao":"","resultado":"","texto_original":"http://sapl.caruaru.pe.leg.br/media/sapl/public/materialegislativa/2026/48296/2_indicacao_calcamento_av_das_nacoes.pdf","data_ultima_atualizacao":"2026-08-27T19:09:59.718420-03:00","ip":"","ultima_edicao":null,"tipo":2,"regime_tramitacao":1,"tipo_origem_externa":null,"local_origem_externa":null,"user":null,"anexadas":[],"autores":[113]}