{"id":4838,"__str__":"PROJETO DE LEI n\u00ba 7761 de 2018","metadata":{},"numero":7761,"ano":2018,"numero_protocolo":3033,"data_apresentacao":"2018-04-17","tipo_apresentacao":"","data_publicacao":null,"numero_origem_externa":"","ano_origem_externa":null,"data_origem_externa":null,"apelido":"","dias_prazo":null,"data_fim_prazo":null,"em_tramitacao":false,"polemica":null,"objeto":"","complementar":null,"ementa":"Para que seja obrigat\u00f3rio em nosso munic\u00edpio a inser\u00e7\u00e3o nas Placas de atendimentos priorit\u00e1rios o S\u00edmbolo mundial do transtorno espectro Autista.","indexacao":"","observacao":"","resultado":"","texto_original":"http://sapl.caruaru.pe.leg.br/media/sapl/public/materialegislativa/2018/4838/projeto-de-lei-s-mbolo-do-autismo-ii.-17-04-2018..pdf","data_ultima_atualizacao":"2018-09-26T09:29:29.953004-03:00","ip":"","ultima_edicao":null,"tipo":3,"regime_tramitacao":1,"tipo_origem_externa":null,"local_origem_externa":null,"user":null,"anexadas":[4964,5160],"autores":[13]}