{"id":4848,"__str__":"REQUERIMENTO n\u00ba 807 de 2018","metadata":{},"numero":807,"ano":2018,"numero_protocolo":3043,"data_apresentacao":"2018-04-17","tipo_apresentacao":"","data_publicacao":null,"numero_origem_externa":"","ano_origem_externa":null,"data_origem_externa":null,"apelido":"","dias_prazo":null,"data_fim_prazo":null,"em_tramitacao":false,"polemica":null,"objeto":"","complementar":null,"ementa":"Sess\u00e3o Solene em homenagem aos 70 anos de Evangeliza\u00e7\u00e3o da Diocese de Caruaru.","indexacao":"","observacao":"","resultado":"","texto_original":"http://sapl.caruaru.pe.leg.br/media/sapl/public/materialegislativa/2018/4848/sess-o-solene-diocese-de-caruaru.pdf","data_ultima_atualizacao":"2021-02-06T08:50:13.937050-03:00","ip":"","ultima_edicao":null,"tipo":1,"regime_tramitacao":1,"tipo_origem_externa":null,"local_origem_externa":null,"user":null,"anexadas":[],"autores":[23]}