{"id":4886,"__str__":"INDICA\u00c7\u00c3O n\u00ba 40 de 2018","metadata":{},"numero":40,"ano":2018,"numero_protocolo":3080,"data_apresentacao":"2018-04-19","tipo_apresentacao":"","data_publicacao":null,"numero_origem_externa":"","ano_origem_externa":null,"data_origem_externa":null,"apelido":"","dias_prazo":null,"data_fim_prazo":null,"em_tramitacao":false,"polemica":null,"objeto":"","complementar":null,"ementa":"REITERANDO INDICA\u00c7\u00c3O PARA QUE SEJA ENCAMINHADO APELO AO EXCELENT\u00cdSSIMO SENHOR GOVERNADOR DO ESTADO DE PERNAMBUCO, PAULO HENRIQUE SARAIVA C\u00c2MARA, EXTENSIVO AO CHEFE DE GABINETE DE PROJETOS ESTRAT\u00c9GICOS, RENATO THI\u00c8BAUT, SOLICITANDO A INSTALA\u00c7\u00c3O DE UM CENTRO COMUNIT\u00c1RIO DE PAZ (COMPAZ), NO MUNIC\u00cdPIO DE CARUARU.","indexacao":"","observacao":"","resultado":"","texto_original":"http://sapl.caruaru.pe.leg.br/media/sapl/public/materialegislativa/2018/4886/indica-o-instala-o-do-centro-comunit-rio-de-paz_mPcRO1D.pdf","data_ultima_atualizacao":"2021-02-03T20:34:46.360157-03:00","ip":"","ultima_edicao":null,"tipo":2,"regime_tramitacao":1,"tipo_origem_externa":null,"local_origem_externa":null,"user":null,"anexadas":[8262],"autores":[24]}