{"id":4939,"__str__":"REQUERIMENTO n\u00ba 853 de 2018","metadata":{},"numero":853,"ano":2018,"numero_protocolo":3112,"data_apresentacao":"2018-04-24","tipo_apresentacao":"","data_publicacao":null,"numero_origem_externa":"","ano_origem_externa":null,"data_origem_externa":null,"apelido":"","dias_prazo":null,"data_fim_prazo":null,"em_tramitacao":false,"polemica":null,"objeto":"","complementar":null,"ementa":"AUDI\u00caNCIA P\u00daBLICA PARA CRIA\u00c7\u00c3O DE UMA AUTARQUIA PARA ADMINISTRAR A FEIRA DA SULANCA","indexacao":"","observacao":"","resultado":"","texto_original":"http://sapl.caruaru.pe.leg.br/media/sapl/public/materialegislativa/2018/4939/audiencia-publica-feirantes.pdf","data_ultima_atualizacao":"2021-02-06T08:51:48.924447-03:00","ip":"","ultima_edicao":null,"tipo":1,"regime_tramitacao":1,"tipo_origem_externa":null,"local_origem_externa":null,"user":null,"anexadas":[],"autores":[10]}