{"id":4948,"__str__":"INDICA\u00c7\u00c3O n\u00ba 41 de 2018","metadata":{},"numero":41,"ano":2018,"numero_protocolo":3121,"data_apresentacao":"2018-04-24","tipo_apresentacao":"","data_publicacao":null,"numero_origem_externa":"","ano_origem_externa":null,"data_origem_externa":null,"apelido":"","dias_prazo":null,"data_fim_prazo":null,"em_tramitacao":false,"polemica":null,"objeto":"","complementar":null,"ementa":"Solicita que seja considerada junto \u00e0 COMPESA a possibilidade de realizar a diminui\u00e7\u00e3o do calend\u00e1rio de racionamento de \u00e1gua na cidade de Caruaru-PE.","indexacao":"","observacao":"","resultado":"","texto_original":"http://sapl.caruaru.pe.leg.br/media/sapl/public/materialegislativa/2018/4948/05.indic.-vecfcmc-diminui-o-do-calend-rio-de-di_Z8pkWry.pdf","data_ultima_atualizacao":"2021-02-03T20:34:46.631826-03:00","ip":"","ultima_edicao":null,"tipo":2,"regime_tramitacao":1,"tipo_origem_externa":null,"local_origem_externa":null,"user":null,"anexadas":[],"autores":[16]}