{"id":5010,"__str__":"REQUERIMENTO n\u00ba 893 de 2018","metadata":{},"numero":893,"ano":2018,"numero_protocolo":3182,"data_apresentacao":"2018-04-26","tipo_apresentacao":"","data_publicacao":null,"numero_origem_externa":"","ano_origem_externa":null,"data_origem_externa":null,"apelido":"","dias_prazo":null,"data_fim_prazo":null,"em_tramitacao":false,"polemica":null,"objeto":"","complementar":null,"ementa":"Requer que se estude a possibilidade de inserir a festa junina de S\u00e3o Jo\u00e3o Batista, que ocorre anualmente na Rua Est\u00e1cio Coimbra \u2013 Petr\u00f3polis, na programa\u00e7\u00e3o oficial dos festejos juninos da nossa cidade.","indexacao":"","observacao":"","resultado":"","texto_original":"http://sapl.caruaru.pe.leg.br/media/sapl/public/materialegislativa/2018/5010/03.req.-vecfcmc-festa-de-s-o-jo-o-batista-petr-polis.pdf","data_ultima_atualizacao":"2021-02-06T08:51:59.252212-03:00","ip":"","ultima_edicao":null,"tipo":1,"regime_tramitacao":1,"tipo_origem_externa":null,"local_origem_externa":null,"user":null,"anexadas":[],"autores":[16]}