{"id":6104,"__str__":"REQUERIMENTO n\u00ba 1271 de 2018","metadata":{},"numero":1271,"ano":2018,"numero_protocolo":3932,"data_apresentacao":"2018-08-02","tipo_apresentacao":"","data_publicacao":null,"numero_origem_externa":"","ano_origem_externa":null,"data_origem_externa":null,"apelido":"","dias_prazo":null,"data_fim_prazo":null,"em_tramitacao":false,"polemica":null,"objeto":"","complementar":null,"ementa":"Requer junto ao Executivo Municipal, extensivo \u00e0 Secretaria de Servi\u00e7os P\u00fablicos e ao Departamento de Feiras e Mercados, que se proceda com a\u00e7\u00f5es de revitaliza\u00e7\u00e3o e implanta\u00e7\u00e3o do Programa Feira Limpa nas \"feiras de bairros\" de Caruaru.","indexacao":"","observacao":"","resultado":"","texto_original":"http://sapl.caruaru.pe.leg.br/media/sapl/public/materialegislativa/2018/6104/03._req._vecfcmc_-_revitalizacao_das_feiras_de__g3KVKrh.pdf","data_ultima_atualizacao":"2021-02-06T08:57:34.041420-03:00","ip":"","ultima_edicao":null,"tipo":1,"regime_tramitacao":1,"tipo_origem_externa":null,"local_origem_externa":null,"user":null,"anexadas":[],"autores":[16]}