{"id":6679,"__str__":"REQUERIMENTO n\u00ba 1519 de 2018","metadata":{},"numero":1519,"ano":2018,"numero_protocolo":4445,"data_apresentacao":"2018-09-06","tipo_apresentacao":"","data_publicacao":null,"numero_origem_externa":"","ano_origem_externa":null,"data_origem_externa":null,"apelido":"","dias_prazo":null,"data_fim_prazo":null,"em_tramitacao":false,"polemica":null,"objeto":"","complementar":null,"ementa":"Convite ao Sr. Jos\u00e9 Soares, Coordenador do Centro de Valoriza\u00e7\u00e3o da Vida (CVV) em Caruaru, a fim de proferir palestra sobre o m\u00eas setembro amarelo \u2013 conscientiza\u00e7\u00e3o sobre a preven\u00e7\u00e3o ao suic\u00eddio, em Sess\u00e3o Ordin\u00e1ria, nesta Casa Legislativa","indexacao":"","observacao":"","resultado":"","texto_original":"http://sapl.caruaru.pe.leg.br/media/sapl/public/materialegislativa/2018/6679/requerimento_cvv_caruaru.pdf","data_ultima_atualizacao":"2021-02-06T09:01:43.593384-03:00","ip":"","ultima_edicao":null,"tipo":1,"regime_tramitacao":1,"tipo_origem_externa":null,"local_origem_externa":null,"user":null,"anexadas":[],"autores":[23]}