{"id":6713,"__str__":"REQUERIMENTO n\u00ba 1531 de 2018","metadata":{},"numero":1531,"ano":2018,"numero_protocolo":4478,"data_apresentacao":"2018-09-11","tipo_apresentacao":"","data_publicacao":null,"numero_origem_externa":"","ano_origem_externa":null,"data_origem_externa":null,"apelido":"","dias_prazo":null,"data_fim_prazo":null,"em_tramitacao":false,"polemica":null,"objeto":"","complementar":null,"ementa":"Solicita ao Poder Executivo Lei de prioridade nas matr\u00edculas de Creches, para m\u00e3es ou respons\u00e1veis legais em tratamento, contra o c\u00e2ncer ou por defici\u00eancia.","indexacao":"","observacao":"","resultado":"","texto_original":"http://sapl.caruaru.pe.leg.br/media/sapl/public/materialegislativa/2018/6713/requerimento_prioridade_nas_creches.pdf","data_ultima_atualizacao":"2021-02-06T09:01:46.470109-03:00","ip":"","ultima_edicao":null,"tipo":1,"regime_tramitacao":1,"tipo_origem_externa":null,"local_origem_externa":null,"user":null,"anexadas":[],"autores":[26]}