{"id":7158,"__str__":"REQUERIMENTO n\u00ba 1711 de 2018","metadata":{},"numero":1711,"ano":2018,"numero_protocolo":4921,"data_apresentacao":"2018-10-11","tipo_apresentacao":"","data_publicacao":null,"numero_origem_externa":"","ano_origem_externa":null,"data_origem_externa":null,"apelido":"","dias_prazo":null,"data_fim_prazo":null,"em_tramitacao":false,"polemica":null,"objeto":"","complementar":null,"ementa":"Requer que se estude a possibilidade de transfer\u00eancia do local da feira do Bairro Dem\u00f3stenes Veras para um local mais apropriado e com infraestrutura adequada, defronte aos condom\u00ednios residenciais localizados na Rua Nova Jo\u00e3o Pessoa.","indexacao":"","observacao":"","resultado":"","texto_original":"http://sapl.caruaru.pe.leg.br/media/sapl/public/materialegislativa/2018/7158/01req.vecfcmc_-_criacao_de_espaco_aprop.__feira_kdgZ224.pdf","data_ultima_atualizacao":"2021-02-06T09:05:28.982134-03:00","ip":"","ultima_edicao":null,"tipo":1,"regime_tramitacao":1,"tipo_origem_externa":null,"local_origem_externa":null,"user":null,"anexadas":[],"autores":[16]}