{"id":7652,"__str__":"REQUERIMENTO n\u00ba 1929 de 2018","metadata":{},"numero":1929,"ano":2018,"numero_protocolo":5366,"data_apresentacao":"2018-11-20","tipo_apresentacao":"","data_publicacao":null,"numero_origem_externa":"","ano_origem_externa":null,"data_origem_externa":null,"apelido":"","dias_prazo":null,"data_fim_prazo":null,"em_tramitacao":false,"polemica":null,"objeto":"","complementar":null,"ementa":"Realiza\u00e7\u00e3o de Audi\u00eancia P\u00fablica para discutir a necessidade de criar pol\u00edticas p\u00fablicas direcionadas as pessoas portadoras de autismo.","indexacao":"","observacao":"","resultado":"","texto_original":"http://sapl.caruaru.pe.leg.br/media/sapl/public/materialegislativa/2018/7652/requerimento_aud_publica_autismo.pdf","data_ultima_atualizacao":"2021-02-06T09:09:56.840949-03:00","ip":"","ultima_edicao":null,"tipo":1,"regime_tramitacao":1,"tipo_origem_externa":null,"local_origem_externa":null,"user":null,"anexadas":[],"autores":[18]}