{"id":8317,"__str__":"REQUERIMENTO n\u00ba 86 de 2019","metadata":{},"numero":86,"ano":2019,"numero_protocolo":118,"data_apresentacao":"2019-02-07","tipo_apresentacao":"","data_publicacao":null,"numero_origem_externa":"","ano_origem_externa":null,"data_origem_externa":null,"apelido":"","dias_prazo":null,"data_fim_prazo":null,"em_tramitacao":false,"polemica":null,"objeto":"","complementar":null,"ementa":"REITERA \u00c0 COLOCA\u00c7\u00c3O DE CONES DE SINALIZA\u00c7\u00c3O DOS DOIS LADOS DA AV. AGAMENON MAGALH\u00c3ES RENTE AO CANTEIRO CENTRAL, DESDE O IN\u00cdCIO DA AVENIDA AT\u00c9 O REL\u00d3GIO EM FRENTE \u00c0 CATEDRAL, PARA QUE A POPULA\u00c7\u00c3O POSSA USAR ESSA FAIXA EXCLUSIVA PARA A PR\u00c1TICA DE EXERC\u00cdCIOS F\u00cdSICOS OU COMO PISTA DE CORRIDA.","indexacao":"","observacao":"","resultado":"","texto_original":"http://sapl.caruaru.pe.leg.br/media/sapl/public/materialegislativa/2019/8317/req._-_sinalizacao_espaco_atividades_fisicas_-__S9IemvS.pdf","data_ultima_atualizacao":"2021-02-06T09:15:59.536307-03:00","ip":"","ultima_edicao":null,"tipo":1,"regime_tramitacao":1,"tipo_origem_externa":null,"local_origem_externa":null,"user":null,"anexadas":[],"autores":[24]}