{"id":8357,"__str__":"REQUERIMENTO n\u00ba 124 de 2019","metadata":{},"numero":124,"ano":2019,"numero_protocolo":158,"data_apresentacao":"2019-02-07","tipo_apresentacao":"","data_publicacao":null,"numero_origem_externa":"","ano_origem_externa":null,"data_origem_externa":null,"apelido":"","dias_prazo":null,"data_fim_prazo":null,"em_tramitacao":false,"polemica":null,"objeto":"","complementar":null,"ementa":"Prop\u00f5e que se indique o Sr.\u00ba Francisco de Assis Nogueira, nosso conhecido Assis\u00e3o, como um dos homenageados do S\u00e3o Jo\u00e3o de Caruaru de 2019.","indexacao":"","observacao":"","resultado":"","texto_original":"http://sapl.caruaru.pe.leg.br/media/sapl/public/materialegislativa/2019/8357/01.req._vecfcmc_-_assisao.pdf","data_ultima_atualizacao":"2021-02-06T09:19:03.699518-03:00","ip":"","ultima_edicao":null,"tipo":1,"regime_tramitacao":1,"tipo_origem_externa":null,"local_origem_externa":null,"user":null,"anexadas":[],"autores":[16]}