{"id":8469,"__str__":"REQUERIMENTO n\u00ba 208 de 2019","metadata":{},"numero":208,"ano":2019,"numero_protocolo":254,"data_apresentacao":"2019-02-12","tipo_apresentacao":"","data_publicacao":null,"numero_origem_externa":"","ano_origem_externa":null,"data_origem_externa":null,"apelido":"","dias_prazo":null,"data_fim_prazo":null,"em_tramitacao":false,"polemica":null,"objeto":"","complementar":null,"ementa":"Requer que se estude a possibilidade de cria\u00e7\u00e3o de local apropriado de com\u00e9rcio popular, com a infraestrutura necess\u00e1ria para a realiza\u00e7\u00e3o semanal de Feira Livre no Residencial Xique Xique.","indexacao":"","observacao":"","resultado":"","texto_original":"http://sapl.caruaru.pe.leg.br/media/sapl/public/materialegislativa/2019/8469/04._req.vecfcmc_-__espaco_de__feira_livre_-_res_Fmvr1Ox.pdf","data_ultima_atualizacao":"2021-02-06T09:19:26.660355-03:00","ip":"","ultima_edicao":null,"tipo":1,"regime_tramitacao":1,"tipo_origem_externa":null,"local_origem_externa":null,"user":null,"anexadas":[],"autores":[16]}