{"id":8687,"__str__":"REQUERIMENTO n\u00ba 225 de 2019","metadata":{},"numero":225,"ano":2019,"numero_protocolo":442,"data_apresentacao":"2019-02-19","tipo_apresentacao":"","data_publicacao":null,"numero_origem_externa":"","ano_origem_externa":null,"data_origem_externa":null,"apelido":"","dias_prazo":null,"data_fim_prazo":null,"em_tramitacao":false,"polemica":null,"objeto":"","complementar":null,"ementa":"REQUER VIABILIZA\u00c7\u00c3O DE ESTUDOS T\u00c9CNICOS VISANDO \u00c0 POSSIBILIDADE DA COLOCA\u00c7\u00c3O DE SEM\u00c1FOROS, FAIXA DE PEDESTRES, REDUTORES DE VELOCIDADE, SINALIZA\u00c7\u00c3O VERTICAL OU OUTROS EQUIPAMENTOS DE ACORDO COM A LEGISLA\u00c7\u00c3O VIGENTE, NO CRUZAMENTO DAS RUAS JOS\u00c9 DE ALENCAR, MINAS GERAIS E TRAVESSA JOS\u00c9 DE ALENCAR, SITUADAS NO BAIRRO NOSSA SENHORA DAS DORES.","indexacao":"","observacao":"","resultado":"","texto_original":"http://sapl.caruaru.pe.leg.br/media/sapl/public/materialegislativa/2019/8687/req._estudo_engenharia_de_transito-bairro_nossa_kEjWDIl.pdf","data_ultima_atualizacao":"2021-02-06T09:19:30.897420-03:00","ip":"","ultima_edicao":null,"tipo":1,"regime_tramitacao":1,"tipo_origem_externa":null,"local_origem_externa":null,"user":null,"anexadas":[],"autores":[24]}