{"id":8688,"__str__":"REQUERIMENTO n\u00ba 226 de 2019","metadata":{},"numero":226,"ano":2019,"numero_protocolo":443,"data_apresentacao":"2019-02-19","tipo_apresentacao":"","data_publicacao":null,"numero_origem_externa":"","ano_origem_externa":null,"data_origem_externa":null,"apelido":"","dias_prazo":null,"data_fim_prazo":null,"em_tramitacao":false,"polemica":null,"objeto":"","complementar":null,"ementa":"REQUER SESS\u00c3O SOLENE EM COMEMORA\u00c7\u00c3O AOS 35 ANOS DE FUNDA\u00c7\u00c3O DO COL\u00c9GIO ALTERNATIVO DE CARUARU.","indexacao":"","observacao":"","resultado":"","texto_original":"http://sapl.caruaru.pe.leg.br/media/sapl/public/materialegislativa/2019/8688/req._-_sessao_solene_35_anos_do_colegio_alterna_ODyK2Jw.pdf","data_ultima_atualizacao":"2021-02-06T09:19:31.180636-03:00","ip":"","ultima_edicao":null,"tipo":1,"regime_tramitacao":1,"tipo_origem_externa":null,"local_origem_externa":null,"user":null,"anexadas":[],"autores":[24]}