{"id":8738,"__str__":"REQUERIMENTO n\u00ba 264 de 2019","metadata":{},"numero":264,"ano":2019,"numero_protocolo":493,"data_apresentacao":"2019-02-19","tipo_apresentacao":"","data_publicacao":null,"numero_origem_externa":"","ano_origem_externa":null,"data_origem_externa":null,"apelido":"","dias_prazo":null,"data_fim_prazo":null,"em_tramitacao":false,"polemica":null,"objeto":"","complementar":null,"ementa":"\"Programa Creche nas F\u00e9rias\" que disponibiliza vagas em creches do munic\u00edpio durante o per\u00edodo de f\u00e9rias para as crian\u00e7as que os pais e/ou respons\u00e1veis n\u00e3o tenham onde deix\u00e1-las neste per\u00edodo.","indexacao":"","observacao":"","resultado":"","texto_original":"http://sapl.caruaru.pe.leg.br/media/sapl/public/materialegislativa/2019/8738/requerimento_creche_nas_ferias.pdf","data_ultima_atualizacao":"2021-02-06T09:19:41.037065-03:00","ip":"","ultima_edicao":null,"tipo":1,"regime_tramitacao":1,"tipo_origem_externa":null,"local_origem_externa":null,"user":null,"anexadas":[],"autores":[85]}