{"id":8762,"__str__":"INDICA\u00c7\u00c3O n\u00ba 13 de 2019","metadata":{},"numero":13,"ano":2019,"numero_protocolo":517,"data_apresentacao":"2019-02-19","tipo_apresentacao":"","data_publicacao":null,"numero_origem_externa":"","ano_origem_externa":null,"data_origem_externa":null,"apelido":"","dias_prazo":null,"data_fim_prazo":null,"em_tramitacao":false,"polemica":null,"objeto":"","complementar":null,"ementa":"Apelo ao Excelent\u00edssimo Senhor Governador do Estado de Pernambuco, Paulo Henrique Saraiva C\u00e2mara, extensivo ao Diretor Presidente do Departamento Estadual de Tr\u00e2nsito de Pernambuco \u2013 DETRAN-PE, Charles Ribeiro, no sentido de envidarem esfor\u00e7os para a instala\u00e7\u00e3o de sem\u00e1foros no trecho da PE-90, que corta os bairros Universit\u00e1rio e Luiz Gonzaga, nesta cidade de Caruaru/PE.","indexacao":"","observacao":"","resultado":"","texto_original":"http://sapl.caruaru.pe.leg.br/media/sapl/public/materialegislativa/2019/8762/indicacao_semaforo.pdf","data_ultima_atualizacao":"2021-02-03T20:36:37.810067-03:00","ip":"","ultima_edicao":null,"tipo":2,"regime_tramitacao":1,"tipo_origem_externa":null,"local_origem_externa":null,"user":null,"anexadas":[],"autores":[19]}