{"id":8895,"__str__":"PROJETO DE LEI n\u00ba 8077 de 2019","metadata":{},"numero":8077,"ano":2019,"numero_protocolo":647,"data_apresentacao":"2019-02-26","tipo_apresentacao":"","data_publicacao":null,"numero_origem_externa":"","ano_origem_externa":null,"data_origem_externa":null,"apelido":"","dias_prazo":null,"data_fim_prazo":null,"em_tramitacao":false,"polemica":null,"objeto":"","complementar":null,"ementa":"Institui e inclui no calend\u00e1rio Oficial do munic\u00edpio de Caruaru a \"Semana de Conscientiza\u00e7\u00e3o e Combate ao Feminic\u00eddio e Viol\u00eancia contra a Mulher\", e d\u00e1 outras provid\u00eancias.","indexacao":"","observacao":"","resultado":"","texto_original":"http://sapl.caruaru.pe.leg.br/media/sapl/public/materialegislativa/2019/8895/projeto_de_lei_calendario_oficial_semana_de_con_KB2OMh5.pdf","data_ultima_atualizacao":"2021-02-12T11:21:06.844055-03:00","ip":"","ultima_edicao":null,"tipo":3,"regime_tramitacao":1,"tipo_origem_externa":null,"local_origem_externa":null,"user":null,"anexadas":[15419,10108,10480,10481,13131],"autores":[13]}