{"id":944,"__str__":"EMENDAS n\u00ba 1 de 2017","metadata":{},"numero":1,"ano":2017,"numero_protocolo":16,"data_apresentacao":"2017-07-28","tipo_apresentacao":"","data_publicacao":null,"numero_origem_externa":"","ano_origem_externa":null,"data_origem_externa":null,"apelido":"","dias_prazo":null,"data_fim_prazo":null,"em_tramitacao":true,"polemica":null,"objeto":"","complementar":null,"ementa":"EMENDA REDACIONAL AO PROJETO DE LEI COMPLEMENTAR N\u00ba 64/2017, CONFORME ESTABELECE O ARTIGO 165, INCISO V DA RESOLU\u00c7\u00c3O N\u00ba 554/2010.\r\nA emenda sugerida retifica a cita\u00e7\u00e3o da legisla\u00e7\u00e3o relativa a Lei de Diretrizes e Bases da Educa\u00e7\u00e3o Nacional \u2013 Lei n\u00ba 9.394, de 20 de dezembro de 1996 (LDB) \u2013 presente no artigo 11 da propositura, sem altera\u00e7\u00f5es nos demais itens.","indexacao":"","observacao":"","resultado":"","texto_original":"http://sapl.caruaru.pe.leg.br/media/sapl/public/materialegislativa/2017/944/emenda-reda-o-plc-n-64.2017-assinado.pdf","data_ultima_atualizacao":null,"ip":"","ultima_edicao":null,"tipo":8,"regime_tramitacao":2,"tipo_origem_externa":null,"local_origem_externa":null,"user":null,"anexadas":[],"autores":[40]}