{"id":9578,"__str__":"REQUERIMENTO n\u00ba 766 de 2019","metadata":{},"numero":766,"ano":2019,"numero_protocolo":1317,"data_apresentacao":"2019-04-04","tipo_apresentacao":"","data_publicacao":null,"numero_origem_externa":"","ano_origem_externa":null,"data_origem_externa":null,"apelido":"","dias_prazo":null,"data_fim_prazo":null,"em_tramitacao":false,"polemica":null,"objeto":"","complementar":null,"ementa":"Reparos na Ilumina\u00e7\u00e3o P\u00fablica da Rua Amaralina da Concei\u00e7\u00e3o - Sol Poente.","indexacao":"","observacao":"","resultado":"","texto_original":"http://sapl.caruaru.pe.leg.br/media/sapl/public/materialegislativa/2019/9578/req_-_escuridao_da_rua_amaralina_04-04-2019.pdf","data_ultima_atualizacao":"2021-02-06T10:39:46.057390-03:00","ip":"","ultima_edicao":null,"tipo":1,"regime_tramitacao":1,"tipo_origem_externa":null,"local_origem_externa":null,"user":null,"anexadas":[],"autores":[13]}