{"id":9668,"__str__":"REQUERIMENTO n\u00ba 827 de 2019","metadata":{},"numero":827,"ano":2019,"numero_protocolo":1404,"data_apresentacao":"2019-04-09","tipo_apresentacao":"","data_publicacao":null,"numero_origem_externa":"","ano_origem_externa":null,"data_origem_externa":null,"apelido":"","dias_prazo":null,"data_fim_prazo":null,"em_tramitacao":false,"polemica":null,"objeto":"","complementar":null,"ementa":"Reativa\u00e7\u00e3o da Biblioteca P\u00fablica \u00c1lvaro Lins","indexacao":"","observacao":"","resultado":"","texto_original":"http://sapl.caruaru.pe.leg.br/media/sapl/public/materialegislativa/2019/9668/requerimento-_reativacao_da_biblioteca_publica.pdf","data_ultima_atualizacao":"2021-02-06T10:40:02.134539-03:00","ip":"","ultima_edicao":null,"tipo":1,"regime_tramitacao":1,"tipo_origem_externa":null,"local_origem_externa":null,"user":null,"anexadas":[],"autores":[12]}