{"id":9669,"__str__":"REQUERIMENTO n\u00ba 828 de 2019","metadata":{},"numero":828,"ano":2019,"numero_protocolo":1405,"data_apresentacao":"2019-04-09","tipo_apresentacao":"","data_publicacao":null,"numero_origem_externa":"","ano_origem_externa":null,"data_origem_externa":null,"apelido":"","dias_prazo":null,"data_fim_prazo":null,"em_tramitacao":false,"polemica":null,"objeto":"","complementar":null,"ementa":"Solicita a implanta\u00e7\u00e3o de ilumina\u00e7\u00e3o p\u00fablica nas passarelas que ligam a Feira do Troca \u00e0 Rua Luis Paes e o Mercado de Farinha, no Parque 18 de Maio, nesta urbe.","indexacao":"","observacao":"","resultado":"","texto_original":"http://sapl.caruaru.pe.leg.br/media/sapl/public/materialegislativa/2019/9669/requerimento_-_solicitacao_de_implantacao_de_il_zMSWkg9.pdf","data_ultima_atualizacao":"2021-02-06T10:40:02.389439-03:00","ip":"","ultima_edicao":null,"tipo":1,"regime_tramitacao":1,"tipo_origem_externa":null,"local_origem_externa":null,"user":null,"anexadas":[],"autores":[12]}