{"id":9737,"__str__":"REQUERIMENTO n\u00ba 881 de 2019","metadata":{},"numero":881,"ano":2019,"numero_protocolo":1472,"data_apresentacao":"2019-04-11","tipo_apresentacao":"","data_publicacao":null,"numero_origem_externa":"","ano_origem_externa":null,"data_origem_externa":null,"apelido":"","dias_prazo":null,"data_fim_prazo":null,"em_tramitacao":false,"polemica":null,"objeto":"","complementar":null,"ementa":"Ilumina\u00e7\u00e3o P\u00fablica (Reparos) Avenida Portugal.\r\nReiterando o nosso Requerimento n\u00ba 1867/2018","indexacao":"","observacao":"","resultado":"","texto_original":"http://sapl.caruaru.pe.leg.br/media/sapl/public/materialegislativa/2019/9737/reqxxx_iluminacao_av._portugal_11-04-2019..pdf","data_ultima_atualizacao":"2021-02-06T10:45:58.239486-03:00","ip":"","ultima_edicao":null,"tipo":1,"regime_tramitacao":1,"tipo_origem_externa":null,"local_origem_externa":null,"user":null,"anexadas":[],"autores":[13]}