{"id":9812,"__str__":"REQUERIMENTO n\u00ba 942 de 2019","metadata":{},"numero":942,"ano":2019,"numero_protocolo":1542,"data_apresentacao":"2019-04-16","tipo_apresentacao":"","data_publicacao":null,"numero_origem_externa":"","ano_origem_externa":null,"data_origem_externa":null,"apelido":"","dias_prazo":null,"data_fim_prazo":null,"em_tramitacao":false,"polemica":null,"objeto":"","complementar":null,"ementa":"Pedido de Informa\u00e7\u00e3o referente \u00e0s obras de requalifica\u00e7\u00e3o do centro de Caruaru: 1. Foram realizadas reuni\u00f5es com os taxistas e mototaxistas das \u00e1reas impactadas para se discutir o plano de requalifica\u00e7\u00e3o, ouvir as demandas e realizar as adequa\u00e7\u00f5es necess\u00e1rias para atender \u00e0s demandas das categorias? Se sim, quantas e quais as datas; 2. C\u00f3pias das atas das reuni\u00f5es citadas no item 1.","indexacao":"","observacao":"","resultado":"","texto_original":"http://sapl.caruaru.pe.leg.br/media/sapl/public/materialegislativa/2019/9812/req__ped._inf._reuniao_com_mototaxistas_e_taxistas.pdf","data_ultima_atualizacao":"2021-01-31T14:54:13.688071-03:00","ip":"","ultima_edicao":null,"tipo":1,"regime_tramitacao":1,"tipo_origem_externa":null,"local_origem_externa":null,"user":null,"anexadas":[],"autores":[14]}