{"id":9820,"__str__":"REQUERIMENTO n\u00ba 949 de 2019","metadata":{},"numero":949,"ano":2019,"numero_protocolo":1550,"data_apresentacao":"2019-04-16","tipo_apresentacao":"","data_publicacao":null,"numero_origem_externa":"","ano_origem_externa":null,"data_origem_externa":null,"apelido":"","dias_prazo":null,"data_fim_prazo":null,"em_tramitacao":false,"polemica":null,"objeto":"","complementar":null,"ementa":"Requeiro \u00e0 Mesa, depois de ouvido o Plen\u00e1rio e cumprida \u00e0s formalidades regimentais, que seja feito um veemente apelo \u00e0 Excelent\u00edssima senhora Raquel Lyra, Prefeita do Munic\u00edpio, extensivo ao Secret\u00e1rio de Servi\u00e7os P\u00fablicos, senhor Ytalo Thiago Santos Farias, no sentido de viabilizar a instala\u00e7\u00e3o de lumin\u00e1rias de LED nas ruas principais da Vila do Ju\u00e1, 2\u00ba Distrito da Zona Rural de Caruaru-PE.","indexacao":"","observacao":"","resultado":"","texto_original":"http://sapl.caruaru.pe.leg.br/media/sapl/public/materialegislativa/2019/9820/4-luminarias_vila_do_jua.pdf","data_ultima_atualizacao":"2021-02-06T10:46:16.251862-03:00","ip":"","ultima_edicao":null,"tipo":1,"regime_tramitacao":1,"tipo_origem_externa":null,"local_origem_externa":null,"user":null,"anexadas":[],"autores":[19]}