{"id":984,"__str__":"REQUERIMENTO n\u00ba 952 de 2017","metadata":{},"numero":952,"ano":2017,"numero_protocolo":null,"data_apresentacao":"2017-03-28","tipo_apresentacao":"E","data_publicacao":null,"numero_origem_externa":"","ano_origem_externa":null,"data_origem_externa":null,"apelido":"","dias_prazo":null,"data_fim_prazo":null,"em_tramitacao":true,"polemica":null,"objeto":"","complementar":null,"ementa":"REQUER \u00c0 CHEFE DO PODER EXECUTIVO A EXECU\u00c7\u00c3O DE LIMPEZA E AMPLIA\u00c7\u00c3O DO A\u00c7UDE DENOMINADO \"A\u00c7UDE DO GOVERNO\", LOCALIZADA NO S\u00cdTIO LAGOA DO EX\u00da, 4\u00ba DISTRITO DESTE MUNIC\u00cdPIO.","indexacao":"PREFEITA DO MUNIC\u00cdPIO DE CARUARU, RAQUEL LYRA; SECRET\u00c1RIO DE SUSTENTABILIDADE E DESENVOLVIMENTO RURAL, DIOGO CANTARELLI.","observacao":"","resultado":"","texto_original":"http://sapl.caruaru.pe.leg.br/media/sapl/public/materialegislativa/2017/984/0952-2017-vereador-ricardo-liberato.pdf","data_ultima_atualizacao":null,"ip":"","ultima_edicao":null,"tipo":1,"regime_tramitacao":1,"tipo_origem_externa":null,"local_origem_externa":null,"user":null,"anexadas":[3786],"autores":[28]}