{"id":9953,"__str__":"REQUERIMENTO n\u00ba 1036 de 2019","metadata":{},"numero":1036,"ano":2019,"numero_protocolo":1678,"data_apresentacao":"2019-04-30","tipo_apresentacao":"","data_publicacao":null,"numero_origem_externa":"","ano_origem_externa":null,"data_origem_externa":null,"apelido":"","dias_prazo":null,"data_fim_prazo":null,"em_tramitacao":false,"polemica":null,"objeto":"","complementar":null,"ementa":"Requer que se proceda com a implanta\u00e7\u00e3o de abrigos para usu\u00e1rios de transporte p\u00fablico de passageiros nas paradas de \u00f4nibus existentes na Rua Agripino Ab\u00edlio, nesta cidade.","indexacao":"","observacao":"","resultado":"","texto_original":"http://sapl.caruaru.pe.leg.br/media/sapl/public/materialegislativa/2019/9953/05._req._vecfcmc_-_parada_de_onibus_coberta_-_r_aeks8RD.pdf","data_ultima_atualizacao":"2021-02-06T10:46:38.833640-03:00","ip":"","ultima_edicao":null,"tipo":1,"regime_tramitacao":1,"tipo_origem_externa":null,"local_origem_externa":null,"user":null,"anexadas":[],"autores":[16]}