{"id":125096,"__str__":"INDICA\u00c7\u00c3O n\u00ba 160 de 2023 | Proposi\u00e7\u00e3o retirada da Ordem do Dia | 27/04/2023","metadata":{},"timestamp":"2023-04-27T17:45:35.489885-03:00","data_tramitacao":"2023-04-27","data_encaminhamento":"2023-04-27","urgente":false,"turno":"","texto":"Proposi\u00e7\u00e3o retirada da Ordem do Dia em virtude de aus\u00eancia do Parlamentar","data_fim_prazo":null,"ip":"187.84.90.132","ultima_edicao":"2023-04-27T17:45:35.406585-03:00","status":70,"materia":30332,"unidade_tramitacao_local":2,"unidade_tramitacao_destino":4,"user":70}