{"id":130507,"__str__":"REQUERIMENTO n\u00ba 1966 de 2023 | Proposi\u00e7\u00e3o retirada da Ordem do Dia | 10/08/2023","metadata":{},"timestamp":"2023-08-10T17:24:11.671880-03:00","data_tramitacao":"2023-08-10","data_encaminhamento":"2023-08-10","urgente":false,"turno":"","texto":"Proposi\u00e7\u00e3o retirada da Ordem do Dia em virtude da aus\u00eancia justificada do Parlamentar","data_fim_prazo":null,"ip":"187.84.90.196","ultima_edicao":"2023-08-10T17:24:11.373503-03:00","status":70,"materia":31622,"unidade_tramitacao_local":2,"unidade_tramitacao_destino":4,"user":70}