{"id":17565,"__str__":"PROJETO DE LEI n\u00ba 7766 de 2018 | Of\u00edcio do Cadastro Imobili\u00e1rio da Prefeitura de Caruaru | 26/10/2018","metadata":{},"timestamp":"2018-10-26T12:58:28.088314-03:00","data_tramitacao":"2018-10-26","data_encaminhamento":null,"urgente":false,"turno":"","texto":"Of\u00edcio n\u00ba 177/2018-PMC/SEFAZ/CADASTRO\r\nCaruaru, 26 de outubro de 2018.\r\n\r\n\u00c0 CONSULTORIA JUR\u00cdDICA/ASSESSORIA DAS COMISS\u00d5ES - CJ/ASSC\r\nC\u00c2MARA MUNICIPAL DE CARUARU\r\nRua 15 de novembro, 201 \u2013 Centro\r\nCaruaru \u2013 PE \u2013 CEP: 5500-904\r\n\r\nAssunto: Em Resposta ao Projeto de Lei n\u00ba 7.766/2018\r\n\r\n1)\tEm atendimento a solicita\u00e7\u00e3o emanada da Casa Jornalista Jos\u00e9 Carlos Flor\u00eancio, o Departamento de Cadastro prop\u00f5e a seguinte reda\u00e7\u00e3o para delimitar o per\u00edmetro do bairro em quest\u00e3o, ficando em conformidade com o cadastro imobili\u00e1rio municipal:\r\n\r\n2)\tArt. 1\u00ba Fica denominado de BAIRRO JARDIM BOA VISTA, a \u00e1rea delimitada pelo per\u00edmetro descrito no art. 2\u00ba.\r\n\r\n3)\tArt. 2\u00ba O per\u00edmetro do BAIRRO JARDIM BOA VISTA est\u00e1 georreferenciado no Sistema Geod\u00e9sico Brasileiro (Sistema de Proje\u00e7\u00e3o UTM e DATUM SIRGAS 2000), tem a delimita\u00e7\u00e3o entre os quatros v\u00e9rtices V-01 Latitude (Y) UTM 9084580.00m e Longitude (X) UTM 170488.00m (Meridiano Central: -33 \u2013 UTM: 25); V-02 Latitude (Y) UTM  9085935.51535m e Longitude (X) UTM 170148.244172m (Meridiano Central: -33 \u2013 UTM: 25);  V-03 Latitude (Y) UTM 9086452.02523m e Longitude (X) UTM 169494.805009m (Meridiano Central: -33 \u2013 UTM: 25) e V-04 Latitude (Y) UTM 9086049.74214m e Longitude (X) UTM 829825.043715m (Meridiano Central: -39 \u2013 UTM: 24).\r\n\r\n4)\tSem mais para o instante, despe\u00e7amo-nos ficando a disposi\u00e7\u00e3o para quaisquer eventuais esclarecimentos necess\u00e1rios.\r\n\r\n\tAtenciosamente\r\n\r\nLivonaldo Otaviano da Silva\r\nCoordena\u00e7\u00e3o II\r\n\r\nMatheus Jos\u00e9 Batista Carvalho\r\nApoio \u00e0 Auditoria e Fiscaliza\u00e7\u00e3o","data_fim_prazo":null,"ip":"","ultima_edicao":null,"status":97,"materia":4987,"unidade_tramitacao_local":65,"unidade_tramitacao_destino":16,"user":null}