{"id":189992,"__str__":"REQUERIMENTO n\u00ba 749 de 2026 | Ordem do Dia | 09/03/2026","metadata":{},"timestamp":"2026-03-09T20:52:03.403639-03:00","data_tramitacao":"2026-03-09","data_encaminhamento":"2026-03-09","urgente":false,"turno":"U","texto":"Mat\u00e9ria inserida para vota\u00e7\u00e3o na Ordem do Dia","data_fim_prazo":null,"ip":"187.19.163.181","ultima_edicao":"2026-03-09T20:52:02.684234-03:00","status":78,"materia":45445,"unidade_tramitacao_local":4,"unidade_tramitacao_destino":2,"user":88}