{"id":19342,"__str__":"PROJETO DE LEI n\u00ba 7646 de 2017 | Of\u00edcio do Cadastro Imobili\u00e1rio da Prefeitura de Caruaru | 27/11/2018","metadata":{},"timestamp":"2018-11-27T09:46:19.918956-03:00","data_tramitacao":"2018-11-27","data_encaminhamento":null,"urgente":false,"turno":"","texto":"\u00c0 CONSULTORIA JUR\u00cdDICA/ASSESSORIA DAS COMISS\u00d5ES - CJ/ASSC\r\nC\u00c2MARA MUNICIPAL DE CARUARU\r\nRua 15 de novembro, 201 \u2013 Centro\r\nCaruaru \u2013 PE \u2013 CEP: 5500-904\r\n\r\nAssunto: Em Resposta ao Projeto de Lei n\u00ba 7.646/2017\r\n\r\n1)\tEm atendimento a solicita\u00e7\u00e3o emanada da Casa Jornalista Jos\u00e9 Carlos Flor\u00eancio, o Departamento de Cadastro prop\u00f5e a seguinte reda\u00e7\u00e3o para determinar a \u00e1rea da pra\u00e7a em quest\u00e3o, ficando em conformidade com o cadastro imobili\u00e1rio municipal:\r\n\r\n2)\tArt. 1\u00ba Fica denominada de PRA\u00c7A LINDAURA SEVERINA DA SILVA (c\u00f3digo 670763), a pra\u00e7a localizada na Rua Fernando Bernardino de Lucena, em frente \u00e0 Creche Jos\u00e9 Pinheiro dos Santos Filho, constante no loteamento S\u00c3O JOS\u00c9 (planta 310), no Bairro S\u00c3O JOS\u00c9, nesta cidade de Caruaru-PE.\r\n\r\n3)\tSem mais para o instante, despe\u00e7amo-nos ficando a disposi\u00e7\u00e3o para quaisquer eventuais esclarecimentos necess\u00e1rios.\r\n\r\n\tAtenciosamente\r\nThiago Jos\u00e9 Alves de Oliveira \r\nCoordena\u00e7\u00e3o I\r\n\u00c2ngelo Wanderley Lopes M\u00e9lo\r\nApoio \u00e0 Auditoria e a Fiscaliza\u00e7\u00e3o","data_fim_prazo":null,"ip":"","ultima_edicao":null,"status":97,"materia":2307,"unidade_tramitacao_local":65,"unidade_tramitacao_destino":16,"user":null}