{"id":195490,"__str__":"PARECER n\u00ba 92 de 2026 | Ordem do Dia | 30/04/2026","metadata":{},"timestamp":"2026-04-30T17:32:16.727932-03:00","data_tramitacao":"2026-04-30","data_encaminhamento":"2026-04-30","urgente":false,"turno":"U","texto":"Parecer inserido na Ordem do Dia para aprecia\u00e7\u00e3o do Plen\u00e1rio","data_fim_prazo":null,"ip":"168.0.52.200","ultima_edicao":"2026-04-30T17:32:16.617887-03:00","status":78,"materia":46570,"unidade_tramitacao_local":4,"unidade_tramitacao_destino":2,"user":88}