{"id":24981,"__str__":"PROJETO DE LEI n\u00ba 7740 de 2018 | Of\u00edcio do Cadastro Imobili\u00e1rio da Prefeitura de Caruaru | 26/03/2019","metadata":{},"timestamp":"2019-03-26T11:11:37.386533-03:00","data_tramitacao":"2019-03-26","data_encaminhamento":null,"urgente":false,"turno":"","texto":"Of\u00edcio n\u00ba 166/2019-PMC/SEFAZ/CADASTRO\r\nCaruaru, 26 de mar\u00e7o de 2019.\r\n\r\n\r\n\u00c0 Vossa Senhor\r\nVereador Galego de Lajes\r\n\r\nO Cadastro Imobili\u00e1rio, departamento da Prefeitura Municipal de Caruaru respons\u00e1vel pela manuten\u00e7\u00e3o cadastral das propriedades territoriais urbanas do munic\u00edpio e em consequ\u00eancia o devido registro dos logradouros, para a individualiza\u00e7\u00e3o e localiza\u00e7\u00e3o das art\u00e9rias no per\u00edmetro urbano.\r\n\r\nO Projeto de Lei 7.740/2018 localizado na Vila de Lajes de Z\u00ea de N\u00e9, que encontrasse em nosso Departamento para individualiza\u00e7\u00e3o e delimita\u00e7\u00e3o n\u00e3o est\u00e3o em conformidade para a perfeita localiza\u00e7\u00e3o dos logradouros, surgindo d\u00favida mat\u00e9ria sobre qual logradouro \u00e9 objeto do projeto. Necessitando-se de mais detalhes sobre essas Leis para retorno em respostas as mesmas.\r\n\r\n\r\n\r\n\r\n\tAtenciosamente\r\n\r\nThiago Jos\u00e9 Alves de Oliveira\r\nCoordena\u00e7\u00e3o I\r\n\r\nMarcelo Fernandes Tabosa\r\nApoio \u00e0 Auditoria e Fiscaliza\u00e7\u00e3o","data_fim_prazo":null,"ip":"","ultima_edicao":null,"status":97,"materia":4399,"unidade_tramitacao_local":65,"unidade_tramitacao_destino":16,"user":null}