{"id":36667,"__str__":"PARECER n\u00ba 891 de 2019 | Parecer da Comiss\u00e3o pelo arquivamento da proposi\u00e7\u00e3o | 23/09/2019","metadata":{},"timestamp":"2019-09-23T12:42:27.180268-03:00","data_tramitacao":"2019-09-23","data_encaminhamento":"2019-09-23","urgente":false,"turno":"","texto":"Parecer desfavor\u00e1vel da Comiss\u00e3o de Legisla\u00e7\u00e3o e Reda\u00e7\u00e3o de Leis.","data_fim_prazo":null,"ip":"191.179.219.139","ultima_edicao":null,"status":57,"materia":11950,"unidade_tramitacao_local":23,"unidade_tramitacao_destino":23,"user":78}