{"id":39153,"__str__":"PROJETO DE LEI n\u00ba 8356 de 2019 | Of\u00edcio do Cadastro Imobili\u00e1rio da Prefeitura de Caruaru | 01/11/2019","metadata":{},"timestamp":"2019-11-01T09:03:11.230249-03:00","data_tramitacao":"2019-11-01","data_encaminhamento":null,"urgente":false,"turno":"","texto":"Of\u00edcio n\u00ba 575/2019-PMC/SEFAZ/CADASTRO\r\nCaruaru, 01 de novembro de 2019.\r\n\r\n\u00c0 CONSULTORIA JUR\u00cdDICA/ASSESSORIA DAS COMISS\u00d5ES - CJ/ASSC\r\nC\u00c2MARA MUNICIPAL DE CARUARU\r\nRua 15 de novembro, 201 \u2013 Centro\r\nCaruaru \u2013 PE \u2013 CEP: 5500-904\r\n\r\nAssunto: Em Resposta ao Projeto de Lei n\u00ba 8.356/2019\r\n\r\n1)\tEm atendimento a solicita\u00e7\u00e3o emanada da Casa Jornalista Jos\u00e9 Carlos Flor\u00eancio, o Departamento de Cadastro prop\u00f5e a seguinte reda\u00e7\u00e3o para delimitar a art\u00e9ria objeto do projeto de lei supracitado, ficando em conformidade com o cadastro imobili\u00e1rio municipal:\r\n\r\n2)\tArt. 1\u00ba Fica denominada de PRA\u00c7A EVANGELISTA JO\u00c3O MIGUEL DE LIMA, a qual fica delimitada georreferenciada no Sistema Geod\u00e9sico Brasileiro (Sistema de Proje\u00e7\u00e3o UTM e DATUM SIRGAS 2000), na RUA AN\u00cdZIO VIEIRA DA SILVA entre o ponto com Latitude (Y) UTM 9083467.9743925 m e Longitude (X) UTM 171041.27544987 m (Meridiano Central: -33 \u2013 UTM: 25) e o ponto de Latitude (Y) UTM 9083336.8815013 m e Longitude (X) UTM 171127.17044428 m (Meridiano Central: -33 \u2013 UTM: 25), na RUA S\u00c3O NICOLAU DE MIRA entre o ponto com Latitude (Y) UTM 9083336.8815013 m e Longitude (X) UTM 171127.17044428 m (Meridiano Central: -33 \u2013 UTM: 25) e o ponto de Latitude (Y) UTM 9083324.9780313 m e Longitude (X) UTM 171163.64988038 m (Meridiano Central: -33 \u2013 UTM: 25) e na RUA MANOEL TELES BARRETO entre o ponto com Latitude (Y) UTM 9083336.8815013 m e Longitude (X) UTM 171127.17044428 m (Meridiano Central: -33 \u2013 UTM: 25) e o ponto de Latitude (Y) UTM 9083390.2070304 m e Longitude (X) UTM 171152.13269093 m (Meridiano Central: -33 \u2013 UTM: 25) situada no Bairro JO\u00c3O MOTA, nesta cidade de Caruaru \u2013 PE. \r\n\r\n3)\tSem mais para o instante, despe\u00e7amo-nos ficando a disposi\u00e7\u00e3o para quaisquer eventuais esclarecimentos necess\u00e1rios.\r\n\r\n\tAtenciosamente\r\n\r\n\r\nThiago Jos\u00e9 Alves de Oliveira                                            \r\nCoordena\u00e7\u00e3o I\r\n\r\nArianne Camila Flor\u00eancio Rocha\r\nApoio \u00e0 Auditoria e Fiscaliza\u00e7\u00e3o","data_fim_prazo":null,"ip":"192.195.237.131","ultima_edicao":null,"status":97,"materia":11720,"unidade_tramitacao_local":65,"unidade_tramitacao_destino":16,"user":105}