{"id":40912,"__str__":"PROJETO DE DECRETO LEGISLATIVO n\u00ba 1285 de 2019 | Proposi\u00e7\u00e3o Anexada | 05/12/2019","metadata":{},"timestamp":"2019-12-05T12:02:14.106118-03:00","data_tramitacao":"2019-12-05","data_encaminhamento":"2019-12-05","urgente":false,"turno":"","texto":"Reda\u00e7\u00e3o final apresentada ao Projeto de Decreto Legislativo n\u00ba 1.285/2019, de autoria do Vereador Edjailson da Caru Forr\u00f3, conforme art. 249, inciso VII da Resolu\u00e7\u00e3o n\u00ba 554/2010.","data_fim_prazo":null,"ip":"187.84.80.49","ultima_edicao":null,"status":64,"materia":11388,"unidade_tramitacao_local":23,"unidade_tramitacao_destino":66,"user":173}