{"id":40913,"__str__":"PROJETO DE LEI n\u00ba 8180 de 2019 | Proposi\u00e7\u00e3o Anexada | 02/12/2019","metadata":{},"timestamp":"2019-12-05T12:04:43.087104-03:00","data_tramitacao":"2019-12-02","data_encaminhamento":"2019-12-02","urgente":false,"turno":"","texto":"Reda\u00e7\u00e3o final apresentada ao Projeto de Lei n\u00ba 8.180/2019, de autoria do Vereador Edjailson da Caru Forr\u00f3, conforme art. 249, inciso VII da Resolu\u00e7\u00e3o n\u00ba 554/2010.","data_fim_prazo":null,"ip":"187.84.80.49","ultima_edicao":null,"status":64,"materia":10277,"unidade_tramitacao_local":23,"unidade_tramitacao_destino":23,"user":173}