{"id":49682,"__str__":"PROJETO DE LEI n\u00ba 8609 de 2020 | Of\u00edcio do Cadastro Imobili\u00e1rio da Prefeitura de Caruaru | 06/08/2020","metadata":{},"timestamp":"2020-08-06T10:32:06.794455-03:00","data_tramitacao":"2020-08-06","data_encaminhamento":null,"urgente":false,"turno":"","texto":"Of\u00edcio n\u00ba 553/2020-PMC/SEFAZ/CADASTRO\r\nCaruaru, 06 de agosto de 2020.\r\n\r\n\u00c0 CONSULTORIA JUR\u00cdDICA/ASSESSORIA DAS COMISS\u00d5ES - CJ/ASSC\r\nC\u00c2MARA MUNICIPAL DE CARUARU\r\nRua 15 de novembro, 201 \u2013 Centro\r\nCaruaru \u2013 PE \u2013 CEP: 5500-904\r\n\r\nAssunto: Em Resposta ao Projeto de Lei n\u00ba 8.609/2020\r\n\r\n1)\tEm atendimento a solicita\u00e7\u00e3o emanada da Casa Jornalista Jos\u00e9 Carlos Flor\u00eancio, o Departamento de Cadastro prop\u00f5e a seguinte reda\u00e7\u00e3o para delimitar a art\u00e9ria objeto do projeto de lei supracitado, ficando em conformidade com o cadastro imobili\u00e1rio municipal:\r\n\r\n2)\tArt. 1\u00ba Fica denominada de PRA\u00c7A ELIAS FRANCISCO DOS SANTOS, localizada ao lado do IFPE Campus Caruaru, a qual fica delimitada georreferenciada no Sistema Geod\u00e9sico Brasileiro (Sistema de Proje\u00e7\u00e3o UTM e DATUM SIRGAS 2000), entre o ponto V1 com Latitude (Y) UTM 9082471.9855887 m e Longitude (X) UTM 828322.69679734 m (Meridiano Central: -39 \u2013 UTM: 24) e o ponto V2 de Latitude (Y) UTM 9082450.6633519 m e Longitude (X) UTM 828361.13129562 m (Meridiano Central: -39 \u2013 UTM: 24), entre o ponto V2 de Latitude (Y) UTM 9082450.6633519 m e Longitude (X) UTM 828361.13129562 m (Meridiano Central: -39 \u2013 UTM: 24) e o ponto V3 de Latitude (Y) UTM 9082472.7945958 m e Longitude (X) UTM 828362.40013617 m (Meridiano Central: -39 \u2013 UTM: 24), e finalizando entre o ponto V3 de Latitude (Y) UTM 9082472.7945958 m e Longitude (X) UTM 828362.40013617 m (Meridiano Central: -39 \u2013 UTM: 24) e o ponto V1 com Latitude (Y) UTM 9082471.9855887 m e Longitude (X) UTM 828322.69679734 m (Meridiano Central: -39 \u2013 UTM: 24), localizada no bairro ALTO DO MOURA, nesta cidade de Caruaru \u2013 PE.\r\n\r\n3)\tSem mais para o instante, despe\u00e7amo-nos ficando a disposi\u00e7\u00e3o para quaisquer eventuais esclarecimentos necess\u00e1rios.\r\n\r\n\tAtenciosamente\r\n\r\nThiago Jos\u00e9 Alves de Oliveira\r\nCoordena\u00e7\u00e3o I\r\n\t\r\nArianne Camila Flor\u00eancio Rocha\r\nApoio \u00e0 Auditoria e Fiscaliza\u00e7\u00e3o","data_fim_prazo":null,"ip":"192.195.237.118","ultima_edicao":"2020-08-06T10:31:42.380198-03:00","status":97,"materia":15409,"unidade_tramitacao_local":65,"unidade_tramitacao_destino":16,"user":105}