{"id":51064,"__str__":"REQUERIMENTO n\u00ba 1199 de 2020 | Proposi\u00e7\u00e3o retirada da Ordem do Dia | 17/09/2020","metadata":{},"timestamp":"2020-09-17T17:09:23.506533-03:00","data_tramitacao":"2020-09-17","data_encaminhamento":"2020-09-17","urgente":false,"turno":"","texto":"Proposi\u00e7\u00e3o retirada da Ordem do Dia em virtude de aus\u00eancia","data_fim_prazo":null,"ip":"45.234.80.13","ultima_edicao":"2020-09-17T17:09:22.194658-03:00","status":70,"materia":15804,"unidade_tramitacao_local":2,"unidade_tramitacao_destino":4,"user":88}