{"id":51139,"__str__":"REQUERIMENTO n\u00ba 1225 de 2020 | Mat\u00e9ria a ser inclusa na Ordem do dia | 22/09/2020","metadata":{},"timestamp":"2020-09-22T16:40:12.044281-03:00","data_tramitacao":"2020-09-22","data_encaminhamento":"2020-09-22","urgente":false,"turno":"","texto":"Mat\u00e9ria a ser inclusa na Ordem do Dia da pr\u00f3xima reuni\u00e3o","data_fim_prazo":null,"ip":"45.234.80.13","ultima_edicao":"2020-09-22T16:40:11.906114-03:00","status":98,"materia":15963,"unidade_tramitacao_local":2,"unidade_tramitacao_destino":4,"user":88}