{"id":57380,"__str__":"REQUERIMENTO n\u00ba 337 de 2021 | Encaminhado aos \u00f3rg\u00e3os competentes | 05/02/2021","metadata":{},"timestamp":"2021-02-05T12:48:15.227947-03:00","data_tramitacao":"2021-02-05","data_encaminhamento":null,"urgente":false,"turno":"","texto":"Requerimento de audi\u00eancia p\u00fablica encaminhado ao Presidente para as medidas necess\u00e1rias.","data_fim_prazo":null,"ip":"187.84.90.50","ultima_edicao":"2021-02-05T12:47:56.531566-03:00","status":75,"materia":16661,"unidade_tramitacao_local":5,"unidade_tramitacao_destino":19,"user":175}